{"id":546,"date":"2026-03-15T13:07:56","date_gmt":"2026-03-15T13:07:56","guid":{"rendered":"https:\/\/lesamisduparcdupilat.fr\/?p=546"},"modified":"2026-03-15T13:08:47","modified_gmt":"2026-03-15T13:08:47","slug":"sortie-festive-le-samedi-21-mars-2026-equinoxe-de-printemps-st-sabin","status":"publish","type":"post","link":"https:\/\/lesamisduparcdupilat.fr\/index.php\/2026\/03\/15\/sortie-festive-le-samedi-21-mars-2026-equinoxe-de-printemps-st-sabin\/","title":{"rendered":"Sortie festive le samedi 21 mars 2026 &#8211; Equinoxe de printemps &#8211; St Sabin"},"content":{"rendered":"\n<p id=\"isPasted\">Nous vous attendons <strong>le samedi 21 mars 2026<\/strong> pour c\u00e9l\u00e9brer l\u2019\u00e9quinoxe de printemps \u00e0 <strong>Saint-Sabin<\/strong>. Rendez-vous sur le parking <strong>\u00e0 5h45<\/strong>.<\/p>\n\n\n\n<p>Le <strong>lever du soleil<\/strong> aura lieu \u00e0 <strong>6h21<\/strong>, face \u00e0 la chapelle de Saint-Sabin \u2014&nbsp;<\/p>\n\n\n\n<p>un moment \u00e0 savourer dans le viseur\u2026<\/p>\n\n\n\n<p>\u00c0 <strong>7h<\/strong>, petit d\u00e9jeuner tir\u00e9 du sac.<\/p>\n\n\n\n<p id=\"isPasted\">Vers <strong>8h30<\/strong>, d\u00e9part sur la ligne de cr\u00eate : menhir, cabane, enceinte de&nbsp;<\/p>\n\n\n\n<p>Saint-Sabin, dolmen, fauteuil, puis boucle par la piste.<\/p>\n\n\n\n<p>Possibilit\u00e9 de nous rejoindre \u00e0 8h30 \u00e0 la chapelle pour la d\u00e9couverte du site.<\/p>\n\n\n\n<p id=\"isPasted\">\ud83c\udf3f <strong>Pique-nique<\/strong> vers midi, vers le Col du Gratteau.<\/p>\n\n\n\n<p>Apr\u00e8s-midi : d\u00e9couverte des tr\u00e9sors des <strong>3 Dents<\/strong>.<\/p>\n\n\n\n<p>Journ\u00e9e ouverte \u00e0 tous, adh\u00e9rents, famille et amis.<\/p>\n\n\n\n<p id=\"isPasted\">\ud83c\udf26\ufe0f <em>Sortie adapt\u00e9e selon la m\u00e9t\u00e9o.<\/em><\/p>\n\n\n\n<p>\ud83d\udc49 Sur inscription \u00e0 <a href=\"https:\/\/lc5t5.r.a.d.sendibm1.com\/mk\/cl\/f\/sh\/SMK1E8tHeFuBlCEI8aEmjvPFxnmL\/B1JO3n-0TV0d\">marie-christine.bonnard07@gmail.com<\/a><\/p>\n\n\n\n<p><\/p>\n","protected":false},"excerpt":{"rendered":"<p>Nous vous attendons le samedi 21 mars 2026 pour c\u00e9l\u00e9brer l\u2019\u00e9quinoxe de printemps \u00e0 Saint-Sabin. Rendez-vous sur le parking \u00e0 5h45. Le lever du soleil aura lieu \u00e0 6h21, face \u00e0 la chapelle de Saint-Sabin \u2014&nbsp; un moment \u00e0 savourer dans le viseur\u2026 \u00c0 7h, petit d\u00e9jeuner tir\u00e9 du sac. Vers 8h30, d\u00e9part sur la ligne de cr\u00eate : menhir, [&hellip;]<\/p>\n","protected":false},"author":4,"featured_media":108,"comment_status":"closed","ping_status":"closed","sticky":false,"template":"","format":"standard","meta":{"footnotes":""},"categories":[20],"tags":[],"class_list":["post-546","post","type-post","status-publish","format-standard","has-post-thumbnail","hentry","category-partenaires"],"_links":{"self":[{"href":"https:\/\/lesamisduparcdupilat.fr\/index.php\/wp-json\/wp\/v2\/posts\/546","targetHints":{"allow":["GET"]}}],"collection":[{"href":"https:\/\/lesamisduparcdupilat.fr\/index.php\/wp-json\/wp\/v2\/posts"}],"about":[{"href":"https:\/\/lesamisduparcdupilat.fr\/index.php\/wp-json\/wp\/v2\/types\/post"}],"author":[{"embeddable":true,"href":"https:\/\/lesamisduparcdupilat.fr\/index.php\/wp-json\/wp\/v2\/users\/4"}],"replies":[{"embeddable":true,"href":"https:\/\/lesamisduparcdupilat.fr\/index.php\/wp-json\/wp\/v2\/comments?post=546"}],"version-history":[{"count":1,"href":"https:\/\/lesamisduparcdupilat.fr\/index.php\/wp-json\/wp\/v2\/posts\/546\/revisions"}],"predecessor-version":[{"id":547,"href":"https:\/\/lesamisduparcdupilat.fr\/index.php\/wp-json\/wp\/v2\/posts\/546\/revisions\/547"}],"wp:featuredmedia":[{"embeddable":true,"href":"https:\/\/lesamisduparcdupilat.fr\/index.php\/wp-json\/wp\/v2\/media\/108"}],"wp:attachment":[{"href":"https:\/\/lesamisduparcdupilat.fr\/index.php\/wp-json\/wp\/v2\/media?parent=546"}],"wp:term":[{"taxonomy":"category","embeddable":true,"href":"https:\/\/lesamisduparcdupilat.fr\/index.php\/wp-json\/wp\/v2\/categories?post=546"},{"taxonomy":"post_tag","embeddable":true,"href":"https:\/\/lesamisduparcdupilat.fr\/index.php\/wp-json\/wp\/v2\/tags?post=546"}],"curies":[{"name":"wp","href":"https:\/\/api.w.org\/{rel}","templated":true}]}}